{"id":465,"date":"2017-06-15T14:52:09","date_gmt":"2017-06-15T14:52:09","guid":{"rendered":"http:\/\/fundacionmclaren.com\/fundacionmclaren\/?p=465"},"modified":"2017-06-15T14:53:00","modified_gmt":"2017-06-15T14:53:00","slug":"el-significado-historico-de-la-gran-revolucion-socialista-de-octubre","status":"publish","type":"post","link":"https:\/\/fundacionmclaren.com\/fundacionmclaren\/uncategorized\/el-significado-historico-de-la-gran-revolucion-socialista-de-octubre\/","title":{"rendered":"El significado Historico de la Gran Revoluci\u00f3n Socialista de Octubre"},"content":{"rendered":"<p>Grandioso EVENTO en el marco de las actividades de difusi\u00f3n cultural del instituto McLaren de Pedagog\u00eda Cr\u00edtica. Entrada libre. s\u00e1bado 29 de julio a las 12 horas, sal\u00f3n EL CIELO del centro Caracol Museo en Ensenada<br \/>\n<img loading=\"lazy\" decoding=\"async\" src=\"http:\/\/fundacionmclaren.com\/fundacionmclaren\/wp-content\/uploads\/2017\/06\/19059942_10212662508175126_6245272288493943119_n-194x300.jpg\" alt=\"19059942_10212662508175126_6245272288493943119_n\" width=\"194\" height=\"300\" class=\"alignnone size-medium wp-image-466\" srcset=\"https:\/\/fundacionmclaren.com\/fundacionmclaren\/wp-content\/uploads\/2017\/06\/19059942_10212662508175126_6245272288493943119_n-194x300.jpg 194w, https:\/\/fundacionmclaren.com\/fundacionmclaren\/wp-content\/uploads\/2017\/06\/19059942_10212662508175126_6245272288493943119_n.jpg 621w\" sizes=\"(max-width: 194px) 100vw, 194px\" \/><\/p>\n","protected":false},"excerpt":{"rendered":"<p>Grandioso EVENTO en el marco de las actividades de difusi\u00f3n cultural del instituto McLaren de Pedagog\u00eda Cr\u00edtica. Entrada libre. s\u00e1bado 29 de julio a las 12 horas, sal\u00f3n EL CIELO del centro Caracol Museo en Ensenada<\/p>\n","protected":false},"author":1,"featured_media":0,"comment_status":"open","ping_status":"closed","sticky":false,"template":"","format":"standard","meta":{"_jetpack_memberships_contains_paid_content":false,"footnotes":""},"categories":[1],"tags":[],"jetpack_sharing_enabled":true,"jetpack_featured_media_url":"","_links":{"self":[{"href":"https:\/\/fundacionmclaren.com\/fundacionmclaren\/wp-json\/wp\/v2\/posts\/465"}],"collection":[{"href":"https:\/\/fundacionmclaren.com\/fundacionmclaren\/wp-json\/wp\/v2\/posts"}],"about":[{"href":"https:\/\/fundacionmclaren.com\/fundacionmclaren\/wp-json\/wp\/v2\/types\/post"}],"author":[{"embeddable":true,"href":"https:\/\/fundacionmclaren.com\/fundacionmclaren\/wp-json\/wp\/v2\/users\/1"}],"replies":[{"embeddable":true,"href":"https:\/\/fundacionmclaren.com\/fundacionmclaren\/wp-json\/wp\/v2\/comments?post=465"}],"version-history":[{"count":1,"href":"https:\/\/fundacionmclaren.com\/fundacionmclaren\/wp-json\/wp\/v2\/posts\/465\/revisions"}],"predecessor-version":[{"id":467,"href":"https:\/\/fundacionmclaren.com\/fundacionmclaren\/wp-json\/wp\/v2\/posts\/465\/revisions\/467"}],"wp:attachment":[{"href":"https:\/\/fundacionmclaren.com\/fundacionmclaren\/wp-json\/wp\/v2\/media?parent=465"}],"wp:term":[{"taxonomy":"category","embeddable":true,"href":"https:\/\/fundacionmclaren.com\/fundacionmclaren\/wp-json\/wp\/v2\/categories?post=465"},{"taxonomy":"post_tag","embeddable":true,"href":"https:\/\/fundacionmclaren.com\/fundacionmclaren\/wp-json\/wp\/v2\/tags?post=465"}],"curies":[{"name":"wp","href":"https:\/\/api.w.org\/{rel}","templated":true}]}}