{"id":345,"date":"2016-10-09T15:55:13","date_gmt":"2016-10-09T15:55:13","guid":{"rendered":"http:\/\/fundacionmclaren.com\/fundacionmclaren\/?p=345"},"modified":"2016-10-09T15:56:06","modified_gmt":"2016-10-09T15:56:06","slug":"escuela-critica-de-frankfurt","status":"publish","type":"post","link":"https:\/\/fundacionmclaren.com\/fundacionmclaren\/lecturas\/escuela-critica-de-frankfurt\/","title":{"rendered":"Escuela Critica de  Frankfurt"},"content":{"rendered":"<h2 class=\"date-header\">mi\u00e9rcoles, 16 de octubre de 2013<\/h2>\n<div class=\"date-posts\">\n<div class=\"post-outer\">\n<div class=\"post hentry uncustomized-post-template\">\n<h3 class=\"post-title entry-title\"><a href=\"http:\/\/escuelacriticadefrankfurt.blogspot.mx\/2013\/10\/introduccion_16.html\">INTRODUCCI\u00d3N<\/a><\/h3>\n<div id=\"post-body-4157521323625420551\" class=\"post-body entry-content\">\n<div>Este blog est\u00e1 destinado a todos aquellos que se encuentren interesados en iniciar, complementar o\u00a0profundizar en la teor\u00eda cr\u00edtica desde su nacimiento: la Escuela Cr\u00edtica de Frankfurt. Ac\u00e1 podr\u00e1n encontrar las tres generaciones en las cuales este movimiento se ha desenvuelto, los autores m\u00e1s reconocidos y sus influencias en la pedagog\u00eda.<\/div>\n<\/div>\n<div><\/div>\n<div style=\"text-align: justify;\">\n<p><img loading=\"lazy\" decoding=\"async\" class=\"alignnone size-full wp-image-346\" src=\"http:\/\/fundacionmclaren.com\/fundacionmclaren\/wp-content\/uploads\/2016\/10\/edificio_iis.jpg\" alt=\"edificio_iis\" width=\"240\" height=\"183\" \/>La escuela de Frankfurt hace una gran critica a lo que el ser humano conoce como modernidad, pues se supon\u00eda que el ser humano mas civilizado era capaz de cambiar su realidad para convertirse en algo mejor, pero en cambio todo el proceso de racionalizaci\u00f3n se convirti\u00f3 en una ola de guerras y asesinatos contra los de su misma especie.<\/p>\n<div style=\"text-align: justify;\">La modernidad naci\u00f3 como una salida al poder arbitrario y represivo que se implantaba en las sociedades, pero por el contrario lo que dejo fue la puerta abierta para la implantaci\u00f3n de reg\u00edmenes peores que mostraban la peor parte de los seres humanos como por ejemplo:<\/div>\n<div style=\"text-align: justify;\"><\/div>\n<div>\n<ul>\n<li style=\"text-align: justify;\">\n<div>Nazismo: Fue una ideolog\u00eda pol\u00edtica liderada por Adolf Hitler que fue responsable de la muestre de mas de 6&#8217;000.000 de jud\u00edos\u00a0y mas de 30 millones que fueran diferentes a la raza Aria.<\/div>\n<\/li>\n<li>\n<div style=\"text-align: justify;\">Fascismo: Es un sistema de gobierno\u00a0donde se enfoca el poder en un solo individuo sin tomar en cuenta la opini\u00f3n del pueblo.<\/div>\n<\/li>\n<\/ul>\n<p>Muchas personas sufrieron los abusos de estos reg\u00edmenes totalitarios y al pasar el tiempo surgieron grandes pensadores pertenecientes a las escuela de Frankfurt, realizaremos un viaje hist\u00f3rico por las ciudades natales y las historias de los representantes de la escuela critica de Frankfurt.<\/p>\n<p>B\u00e1sicamente\u00a0los autores mas representativos de esta\u00a0teor\u00eda\u00a0son de origen\u00a0alem\u00e1n, en primer lugar nos vamos para Stuttgart, Alemania.<\/p>\n<\/div>\n<hr \/>\n<\/div>\n<p><strong>MAX HORKHEIMER\u00a0<\/strong><br \/>\n<strong><br \/>\n<\/strong><img loading=\"lazy\" decoding=\"async\" class=\"size-full wp-image-347 alignleft\" src=\"http:\/\/fundacionmclaren.com\/fundacionmclaren\/wp-content\/uploads\/2016\/10\/horkheimer.jpg\" alt=\"horkheimer\" width=\"183\" height=\"275\" \/><\/p>\n<p style=\"text-align: justify;\">Fue un fil\u00f3sofo y soci\u00f3logo, naci\u00f3 el 14 de febrero del a\u00f1o 1895. Durante un tiempo tuvo que ayudarle a su padre en la f\u00e1brica que \u00e9ste ten\u00eda, pero una vez, en un viaje a Par\u00eds y tras leer las obras del fil\u00f3sofo alem\u00e1n Schopenhauer como punto de partida y de seguir un recorrido por las obras de grandes fil\u00f3sofos e intelectuales de la historia como Hegel, Marx, Nietzsche y Freud, encontr\u00f3 su vocaci\u00f3n que fue la filosof\u00eda.<\/p>\n<p style=\"text-align: justify;\">As\u00ed Horkheimer ingres\u00f3 a estudiar filosof\u00eda y psicolog\u00eda en la Universidad de Muchich y despu\u00e9s se trasladar\u00eda a la Universidad de Frankfurt\u00a0 en donde conoci\u00f3 a Theodor Adorno con qui\u00e9n entabl\u00f3 una fuerte relaci\u00f3n acad\u00e9mica.\u00a0 Tuvo como profesor al fil\u00f3sofo Hans Cornelio y se gradu\u00f3 en 1925 con una tesis titulada La cr\u00edtica del juicio de Kant como mediaci\u00f3n entre la filosof\u00eda pr\u00e1ctica y te\u00f3rica. Despu\u00e9s de esto, en 1930 fue elegido como el director del Instituto para la investigaci\u00f3n social y en 1933, cuando el nacismo triunf\u00f3 en Alemania, el instituto tuvo que emigrar a Estados Unidos, desde all\u00ed, Horkheimer sigui\u00f3 publicando para el instituto.\u00a0 Junto con Theodor Adorno en el a\u00f1o de 1947, Horkheimer public\u00f3 su obra m\u00e1s conocida: La dial\u00e9ctica de la ilustraci\u00f3n. Despu\u00e9s del fin de la segunda guerra mundial, en 1949 Horkheimer retorn\u00f3 a Alemania y all\u00ed reabri\u00f3 el Instituto, en 1951 se convirti\u00f3 en el rector de la Universidad de Frankfurt en donde dur\u00f3 dos a\u00f1os, despu\u00e9s de esto se dedic\u00f3 a dar clases en la misma universidad y posteriormente en la Universidad de Chicago, Estados Unidos. Los \u00faltimos a\u00f1os de su vida, Horkheimer atraves\u00f3 por estados depresivos debido a la muerte de su esposa y sus apariciones en p\u00fablico fueron muy reducidas, este trascendental representante de la Escuela de Frankfurt muri\u00f3 en el a\u00f1o de 1973 en la ciudad de N\u00faremberg, Alemania.<\/p>\n<\/div>\n<hr \/>\n<div class=\"post hentry uncustomized-post-template\">\n<p><strong>THEODOR WIESENDGRUND ADORNO<\/strong><\/p>\n<p style=\"text-align: justify;\"><img loading=\"lazy\" decoding=\"async\" class=\"size-full wp-image-348 alignleft\" src=\"http:\/\/fundacionmclaren.com\/fundacionmclaren\/wp-content\/uploads\/2016\/10\/adorno.jpg\" alt=\"adorno\" width=\"195\" height=\"259\" \/>Naci\u00f3 en el a\u00f1o 1903. Su familia era de clase burguesa, su padre era jud\u00edo y su madre cat\u00f3lica. Desde peque\u00f1o Theodor recibi\u00f3 influencias de m\u00fasica y teatro ya que su madre era cantante, de hecho, como se dir\u00e1 m\u00e1s adelante, Adorno realizo estudios universitarios sobre m\u00fasica, pero \u00e9l privilegi\u00f3 su aprendizaje \u201cemp\u00edrico\u201d guiado por su madre y su t\u00eda durante su infancia. Cuando su t\u00eda muri\u00f3, Adorno manifest\u00f3 en una carta lo mucho que le dol\u00eda su p\u00e9rdida ya que ella hab\u00eda sido trascendental en su infancia y vida, en general.<\/p>\n<p style=\"text-align: justify;\">Adorno sent\u00eda una \u201cpreferencia\u201d por su apellido materno (Adorno) ya que lo relacionaba con la Nobleza, esto en un contexto en el que se ve\u00eda que el apellido dotaba a la familia de cierto ascenso social y econ\u00f3mico en la sociedad, adem\u00e1s esto ocasionaba que las personas no trabajaran por las cosas, sino que se les daban solo por su apellido noble.<\/p>\n<p style=\"text-align: justify;\">Estudi\u00f3 en el Kaiser Wilhelm Gymnasium y all\u00ed tuvo como profesor a Siegfried Kracauer-fue un escritor y teorizador del cine alem\u00e1n- qui\u00e9n no solo fue su profesor sino tambi\u00e9n su amigo a pesar de la diferencia de edad, cuando Adorno se gradu\u00f3 de este lugar ingres\u00f3 a la Universidad de Frankfurt en 1921 a estudiar filosof\u00eda, sociolog\u00eda, psicolog\u00eda y m\u00fasica. En 1924 obtiene su doctorado en filosof\u00eda.\u00a0 Fue en 1932 cuando Adorno ingres\u00f3 al Instituto de investigaci\u00f3n social de Frankfurt tras publicar la obra\u00bbLa construcci\u00f3n de la estetica\u00bb que se involucro realmente con la\u00a0Escuela de Frankfurt y comenz\u00f3 su trabajo intelectual en conjunto con Max Horkheimer.<\/p>\n<p style=\"text-align: justify;\">Durante la segunda guerra mundial, Adorno estuvo exiliado en Estados Unidos, para no despertar el resentimiento que exist\u00eda gracias al nazismo hacia los alemanes jud\u00edos, su nombre se tuvo que abreviar as\u00ed: T. W. Adorno, privilegiando el apellido materno, adem\u00e1s porque se cre\u00eda que los jud\u00edos no deber\u00edan acceder a carreras intelectuales.<\/p>\n<p style=\"text-align: justify;\">Cuando finaliz\u00f3 la Segunda guerra mundial, Adorno regres\u00f3 a Frankfurt y continu\u00f3 en el Instituto de investigaci\u00f3n social, cuando Max Horkheimer se retir\u00f3 de su cargo de director, Adorno ocup\u00f3 su cargo en el a\u00f1o de 1959. Muri\u00f3 en el a\u00f1o de 1969 en Suiza.<\/p>\n<hr \/>\n<p><strong>JURGUEN HABBERMAS<\/strong><\/p>\n<p>&nbsp;<\/p>\n<\/div>\n<\/div>\n<div style=\"text-align: justify;\"><img loading=\"lazy\" decoding=\"async\" class=\"size-medium wp-image-349 alignleft\" src=\"http:\/\/fundacionmclaren.com\/fundacionmclaren\/wp-content\/uploads\/2016\/10\/1Habermas-222x300.jpg\" alt=\"1habermas\" width=\"222\" height=\"300\" srcset=\"https:\/\/fundacionmclaren.com\/fundacionmclaren\/wp-content\/uploads\/2016\/10\/1Habermas-222x300.jpg 222w, https:\/\/fundacionmclaren.com\/fundacionmclaren\/wp-content\/uploads\/2016\/10\/1Habermas.jpg 237w\" sizes=\"(max-width: 222px) 100vw, 222px\" \/>Naci\u00f3\u00a0en el a\u00f1o 1929, justo cuatro a\u00f1os\u00a0despu\u00e9s\u00a0de nacer se inicia el nazismo en su pa\u00eds, as\u00ed que creci\u00f3 durante el contexto de la Segunda Guerra mundial y esta es una de las razones que le permitieron ser uno de los\u00a0fil\u00f3sofos\u00a0mas\u00a0importantes\u00a0de nuestro tiempo.<br \/>\nHabbermas estudio\u00a0filosof\u00eda, historia,\u00a0psicolog\u00eda\u00a0 literatura\u00a0alemana y\u00a0econom\u00eda\u00a0en un conjunto de universidades alemanas lo que le\u00a0permiti\u00f3\u00a0tener una red mas amplia de conocimientos previos y as\u00ed, entender el mundo en que vive.\u00a0Recibi\u00f3\u00a0su doctorado en la universidad de Marburgo y en el a\u00f1o 1956 se inicio su relaci\u00f3n con el instituto de\u00a0investigaci\u00f3n\u00a0social en que\u00a0conoci\u00f3\u00a0miembros de la primera\u00a0generaci\u00f3n\u00a0de la escuela de Frankfurt y en un principio, trabajo como asistente de Theodor Adorno.<br \/>\nUn \u00a0eje importante de su teor\u00eda ha estado atravesado por la idea de la democracia, de la participaci\u00f3n de la comunidad y de la comunicaci\u00f3n entre los seres humanos precisamente para liberarnos de los reg\u00edmenes totalitarios y antidemocraticos a los que nos hemos enfrentado directa o indirectamente.<br \/>\nHabbermas aun sigue vivo y ha sido profesor de varias universidades \u00a0como tambi\u00e9n ha sido merecedor de varios premios como el premio a la paz de los Libreros alemanes y el pr\u00edncipe de Asturias.<\/div>\n<\/div>\n<div style=\"text-align: justify;\"><\/div>\n<div style=\"text-align: justify;\"><\/div>\n<div style=\"text-align: justify;\"><\/div>\n<div style=\"text-align: justify;\"><\/div>\n<div style=\"text-align: justify;\"><\/div>\n<div style=\"text-align: justify;\">\n<hr \/>\n<div style=\"text-align: center;\"><strong>PAULO FREIRE<\/strong><\/div>\n<div><\/div>\n<p><img loading=\"lazy\" decoding=\"async\" class=\"size-medium wp-image-312 alignleft\" src=\"http:\/\/fundacionmclaren.com\/fundacionmclaren\/wp-content\/uploads\/2016\/10\/paulo-freire-2-300x250.jpg\" alt=\"paulo-freire-2\" width=\"300\" height=\"250\" srcset=\"https:\/\/fundacionmclaren.com\/fundacionmclaren\/wp-content\/uploads\/2016\/10\/paulo-freire-2-300x250.jpg 300w, https:\/\/fundacionmclaren.com\/fundacionmclaren\/wp-content\/uploads\/2016\/10\/paulo-freire-2-768x640.jpg 768w, https:\/\/fundacionmclaren.com\/fundacionmclaren\/wp-content\/uploads\/2016\/10\/paulo-freire-2.jpg 900w\" sizes=\"(max-width: 300px) 100vw, 300px\" \/>Este intelectual quien diferencia de todos los autores expuestos\u00a0aqu\u00ed\u00a0por que fue\u00a0latinoamericano\u00a0y ademas de clase media, naci\u00f3 en el a\u00f1o 1921 en Recife, Brasil. Apesar de ser de clase media, durante la gran\u00a0depresi\u00f3n\u00a0de 1929 Freire pas\u00f3\u00a0d\u00edas\u00a0dif\u00edciles\u00a0pero le permitieron convivir con el pueblo oprimido y entender las relaciones entre las clases sociales.\u00a0Se\u00a0inscribi\u00f3\u00a0en la facultad de derecho de la universidad Federal de Pernambuco en el a\u00f1o 1943 porque, en esa\u00a0\u00e9poca\u00a0era los mas cercano que\u00a0hab\u00eda\u00a0acerca de las ciencias humanas pero en realidad pocas veces\u00a0ejerci\u00f3\u00a0como abogado.\u00a0Aqu\u00ed\u00a0vemos otra\u00a0diferencia\u00a0con los\u00a0dem\u00e1s\u00a0autores que si tuvieron\u00a0formaci\u00f3n\u00a0amplia en\u00a0filosof\u00eda \u00a0sociolog\u00eda\u00a0\u00a0lenguaje, etc, aunque\u00a0espec\u00edficamente\u00a0Freire\u00a0quer\u00eda\u00a0ser\u00a0educador.<\/p>\n<\/div>\n<div style=\"text-align: justify;\">En el a\u00f1o 1946 Paulo Freire fue nombrado director del Departamento de Educaci\u00f3n y Cultura del\u00a0Servicio\u00a0Social en el cual su meta fue ense\u00f1arle a los\u00a0oprimidos\u00a0de la ciudad a leer y escribir, ya que por ese momento\u00a0hist\u00f3rico\u00a0en Brasil\u00a0hab\u00eda\u00a0un grave problema de\u00a0alfabetizaci\u00f3n.<br \/>\nEn el a\u00f1o de 1946 Paulo Freire fue nombrado director del Departamento de Educaci\u00f3n y Cultura del Servicio Social en el cual su meta fue ense\u00f1arle a los oprimidos de la ciudad a leer y escribir, ya que por ese momento hist\u00f3rico en Brasil hab\u00eda un problema grave de analfabetizaci\u00f3n. Obtuvo un doctorado en Filosof\u00eda e historia de la educaci\u00f3n y su tesis se titul\u00f3 Educaci\u00f3n y Actualidad Brasile\u00f1a, a partir de ah\u00ed comenz\u00f3 a dar clases universitarias.Con este autor podemos entender que los maestros son sujetos pol\u00edticos porque Freire fue miembro del Consejo Estatal de Educaci\u00f3n de Pernambuco al ser uno de los educadores m\u00e1s importantes del momento. Adem\u00e1s, el m\u00e9todo que utiliza en la Campa\u00f1a Nacional de Alfabetizaci\u00f3n que fue muy efectivo al ense\u00f1ar en 1963 a leer y escribir a adultos trabajadores rurales en 45 d\u00edas y al ser su m\u00e9todo diferente a los dem\u00e1s ya que no dejaba afuera el contexto de lo que se ense\u00f1aba y part\u00eda de la realidad de las personas para que el conocimiento no siguiera siendo algo abstracto, logr\u00f3 concientizar y por lo tanto\u00a0 movilizar muchas personas oprimidas.<\/p>\n<p>El 31 de marzo de 1964 ocurri\u00f3 un golpe militar en Brasil y Paulo Freire pas\u00f3 unos meses en la c\u00e1rcel hasta ser exiliado en Bolivia, se dec\u00eda de \u00c9l que era un pedagogo subversivo e ignorante. Luego de Bolivia pas\u00f3 a Chile en donde pudo ser parte de una renovaci\u00f3n educativa y adem\u00e1s escribir algunas obras m\u00e1s.<\/p>\n<p>En 1979 regres\u00f3 a Brasil y continu\u00f3 con su obra. Freire tuvo una gran influencia de la Teolog\u00eda de la liberaci\u00f3n y su esposa era educadora as\u00ed que junto con ella discut\u00eda temas educativos que si vemos en su obra trata categor\u00edas como la pedagog\u00eda obviamente, pero tambi\u00e9n la liberaci\u00f3n, la esperanza, el dialogo, el amor, etc. Muri\u00f3 en el a\u00f1o de 1997.<\/p>\n<\/div>\n<hr \/>\n<p><strong>HENRY GIROUX<\/strong><\/p>\n<p style=\"text-align: justify;\"><img loading=\"lazy\" decoding=\"async\" class=\"wp-image-350 alignleft\" src=\"http:\/\/fundacionmclaren.com\/fundacionmclaren\/wp-content\/uploads\/2016\/10\/Henry-giroux.gif\" alt=\"henry-giroux\" width=\"194\" height=\"283\" \/>Henry Giroux naci\u00f3 en Providence, capital del estado de Rhode Island, en la costa nort-oriental de Estados Unidos en el a\u00f1o de 1943.\u00a0 Vivi\u00f3 su infancia y adolescencia en un contexto de guerra fr\u00eda, guerra de Vietnam, en la \u201crebeli\u00f3n\u201d de personas de raza negra y la lucha por sus derechos, etc. as\u00ed que, vivir estos hechos pudo influenciarlo de alguna manera.<\/p>\n<p style=\"text-align: justify;\">Fue un profesor de historia en sus inicios, obtuvo su doctorado en 1977 y desde all\u00ed ha sido profesor de varias universidades, adem\u00e1s fue director del Centro para la educaci\u00f3n y estudios culturales.\u00a0 En su trabajo sobre la pedagog\u00eda cr\u00edtica, Giroux\u00a0 desarrolla categor\u00edas como la democracia, participaci\u00f3n, ideolog\u00eda, violencia, sociedad, cultura, etc.<\/p>\n<p style=\"text-align: justify;\">Este autor reconoce tambi\u00e9n como la pedagog\u00eda es un proyecto pol\u00edtico que \u201cilumina las relaciones entre el conocimiento, la autoridad y el poder\u201d.\u00a0 Actualmente vive en Hamilton, Ontario, Canad\u00e1 con su esposa, la Dra. Susan Searls Giroux y es profesor de la Universidad de McMaster desde 2004 dictando la c\u00e1tedra de Cadenas globales de la televisi\u00f3n ya que algunas de sus obras se centran en la cr\u00edtica a los medios de comunicaci\u00f3n.<\/p>\n<p style=\"text-align: justify;\">Giroux a sus 70 a\u00f1os sigue participando en la opini\u00f3n p\u00fablica, se pueden encontrar varias noticias en las que se le entrevista sobre temas educativos en Estados Unidos<a href=\"http:\/\/www.counterpunch.org\/2013\/09\/27\/teaching-and-learning-with-henry-giroux\/\">http:\/\/www.counterpunch.org\/2013\/09\/27\/teaching-and-learning-with-henry-giroux\/<\/a> , es importante tener un referente como este que siempre defienda su punto de vista e intenta ampliar las discusiones actuales sobre el fen\u00f3meno educativo para as\u00ed poder lograr una transformaci\u00f3n radical del mismo y de la sociedad.<\/p>\n<hr \/>\n<p style=\"text-align: center;\"><strong>PETER MCLAREN<\/strong><\/p>\n<p style=\"text-align: justify;\"><img loading=\"lazy\" decoding=\"async\" class=\"wp-image-351 alignleft\" src=\"http:\/\/fundacionmclaren.com\/fundacionmclaren\/wp-content\/uploads\/2016\/10\/Peter_McLaren.jpg\" alt=\"peter_mclaren\" width=\"236\" height=\"330\" \/>Naci\u00f3 en el a\u00f1o de 1948 en Toronto, Canad\u00e1.\u00a0 Estudi\u00f3 Licenciatura en arte en literatura inglesa, Licenciatura en educaci\u00f3n, maestr\u00eda en educaci\u00f3n y un doctorado en Instituto para Estudios en Educaci\u00f3n de la Universidad de Toronto. Fue profesor de secundaria y actualmente es profesor de la Universidad de California en Estados Unidos y tiene esposa y un hijo.<\/p>\n<p style=\"text-align: justify;\">McLaren se ha caracterizado por ser cr\u00edtico del capitalismo-imperialista, de la represi\u00f3n,del consumismo, entre otros y por ser uno de los exponentes de la pedagog\u00eda cr\u00edtica y de que ni \u00e9sta ni la academia pueden separarse de la pol\u00edtica ni de los movimientos sociales, adem\u00e1s de eso la pedagog\u00eda cr\u00edtica debe educar a los ni\u00f1os en conceptos como la justicia, la libertad y la dignidad. Esta posici\u00f3n podemos asociarla al pensamiento de Paulo Freire.<\/p>\n<p style=\"text-align: justify;\">Su posici\u00f3n ante el imperialismo es radical y planteo en una entrevista que la educaci\u00f3n deber\u00eda propender por formar agentes de transformaci\u00f3n individual y social de esta sociedad capitalista a una alternativa que puede ser el socialismo. Este pensamiento lo podemos asociar a las influencias de Marx (de quien se vale para poder entender la sociedad en la que estamos) y el Che Guevara.<\/p>\n<p style=\"text-align: justify;\">McLaren ha sido amigo de Giroux y comparten algunos de sus planteamientos pero, dice McLaren que Giroux se centra m\u00e1s en lograr una transformaci\u00f3n cultural y democr\u00e1tica mientras que \u00e9l en una transformaci\u00f3n de las relaciones de producci\u00f3n y socialista.<\/p>\n<p style=\"text-align: justify;\">Este autor ha inspirado a muchas personas y estudiantes, de hecho, en M\u00e9xico se inaugur\u00f3 una fundaci\u00f3n con su nombre llamada \u201cFundaci\u00f3n McLaren en pedagog\u00eda cr\u00edtica\u201d<a href=\"http:\/\/www.fundacionmclaren.com\/index.php?option=com_content&amp;view=section&amp;id=4&amp;Itemid=27\">http:\/\/www.fundacionmclaren.com\/index.php?option=com_content&amp;view=section&amp;id=4&amp;Itemid=27<\/a>, adem\u00e1s se cre\u00f3 un doctorado en Pedagog\u00eda cr\u00edtica y educaci\u00f3n popular inspirado por \u00e9l.<\/p>\n<p style=\"text-align: justify;\">Creditos: Pagina web:\u00a0http:\/\/escuelacriticadefrankfurt.blogspot.mx\/<\/p>\n","protected":false},"excerpt":{"rendered":"<p>mi\u00e9rcoles, 16 de octubre de 2013 INTRODUCCI\u00d3N Este blog est\u00e1 destinado a todos aquellos que se encuentren interesados en iniciar, complementar o\u00a0profundizar en la teor\u00eda cr\u00edtica desde su nacimiento: la Escuela Cr\u00edtica de Frankfurt. Ac\u00e1 podr\u00e1n encontrar las tres generaciones en las cuales este movimiento se ha desenvuelto, los autores m\u00e1s reconocidos y sus influencias [&hellip;]<\/p>\n","protected":false},"author":1,"featured_media":346,"comment_status":"open","ping_status":"closed","sticky":false,"template":"","format":"standard","meta":{"_jetpack_memberships_contains_paid_content":false,"footnotes":""},"categories":[21],"tags":[],"jetpack_sharing_enabled":true,"jetpack_featured_media_url":"https:\/\/fundacionmclaren.com\/fundacionmclaren\/wp-content\/uploads\/2016\/10\/edificio_iis.jpg","_links":{"self":[{"href":"https:\/\/fundacionmclaren.com\/fundacionmclaren\/wp-json\/wp\/v2\/posts\/345"}],"collection":[{"href":"https:\/\/fundacionmclaren.com\/fundacionmclaren\/wp-json\/wp\/v2\/posts"}],"about":[{"href":"https:\/\/fundacionmclaren.com\/fundacionmclaren\/wp-json\/wp\/v2\/types\/post"}],"author":[{"embeddable":true,"href":"https:\/\/fundacionmclaren.com\/fundacionmclaren\/wp-json\/wp\/v2\/users\/1"}],"replies":[{"embeddable":true,"href":"https:\/\/fundacionmclaren.com\/fundacionmclaren\/wp-json\/wp\/v2\/comments?post=345"}],"version-history":[{"count":2,"href":"https:\/\/fundacionmclaren.com\/fundacionmclaren\/wp-json\/wp\/v2\/posts\/345\/revisions"}],"predecessor-version":[{"id":353,"href":"https:\/\/fundacionmclaren.com\/fundacionmclaren\/wp-json\/wp\/v2\/posts\/345\/revisions\/353"}],"wp:featuredmedia":[{"embeddable":true,"href":"https:\/\/fundacionmclaren.com\/fundacionmclaren\/wp-json\/wp\/v2\/media\/346"}],"wp:attachment":[{"href":"https:\/\/fundacionmclaren.com\/fundacionmclaren\/wp-json\/wp\/v2\/media?parent=345"}],"wp:term":[{"taxonomy":"category","embeddable":true,"href":"https:\/\/fundacionmclaren.com\/fundacionmclaren\/wp-json\/wp\/v2\/categories?post=345"},{"taxonomy":"post_tag","embeddable":true,"href":"https:\/\/fundacionmclaren.com\/fundacionmclaren\/wp-json\/wp\/v2\/tags?post=345"}],"curies":[{"name":"wp","href":"https:\/\/api.w.org\/{rel}","templated":true}]}}