{"id":303,"date":"2016-10-08T01:16:49","date_gmt":"2016-10-08T01:16:49","guid":{"rendered":"http:\/\/fundacionmclaren.com\/fundacionmclaren\/?p=303"},"modified":"2016-10-08T01:41:40","modified_gmt":"2016-10-08T01:41:40","slug":"303","status":"publish","type":"post","link":"https:\/\/fundacionmclaren.com\/fundacionmclaren\/peter-mclaren\/303\/","title":{"rendered":"Quien es Peter Mc Laren"},"content":{"rendered":"<div>\u201c&#8230;Vivimos en un tiempo tan brutal, tan despiadado, que tenemos que preguntarnos continuamente si no estamos so\u00f1ando. Incluso cuando reconocemos el dolor y la desesperaci\u00f3n de tantos que viven en un estado de desequilibrios nacionales e internacionales, y aunque nos espantamos ante el grado de explotaci\u00f3n capitalista y la degradaci\u00f3n ambiental de nuestro mundo contempor\u00e1neo, permanecemos prisioneros de la ilusi\u00f3n de que vivimos en el mejor de los mundos posibles&#8230;\u201d<\/div>\n<div><\/div>\n<div><a href=\"http:\/\/fundacionmclaren.com\/fundacionmclaren\/wp-content\/uploads\/2016\/10\/peter.jpe\"><img loading=\"lazy\" decoding=\"async\" class=\"alignnone size-medium wp-image-304\" src=\"http:\/\/fundacionmclaren.com\/fundacionmclaren\/wp-content\/uploads\/2016\/10\/peter-300x168.jpe\" alt=\"peter\" width=\"300\" height=\"168\" srcset=\"https:\/\/fundacionmclaren.com\/fundacionmclaren\/wp-content\/uploads\/2016\/10\/peter-300x168.jpe 300w, https:\/\/fundacionmclaren.com\/fundacionmclaren\/wp-content\/uploads\/2016\/10\/peter.jpe 606w\" sizes=\"(max-width: 300px) 100vw, 300px\" \/><\/a><\/div>\n<div>(Peter McLaren, 2006)<\/div>\n<div><\/div>\n<div>\n<p><span class=\"Apple-style-span\">Peter McLaren Naci\u00f3 en Toronto, Canad\u00e1 el 2 de agosto de 1948 y se crio tanto en Toronto como en Winnipeg, Manitoba; en 1973 termin\u00f3 una licenciatura de arte en literatura inglesa en la Universidad de Waterloo (especializ\u00e1ndose en teatro isabelino) y despu\u00e9s en la Universidad de Toronto logr\u00f3 una licenciatura en educaci\u00f3n; una maestr\u00eda en educaci\u00f3n en el Brock University\u00b4s College of Education y un doctorado en el Instituto para Estudios en Educaci\u00f3n de la Universidad de Toronto.<\/span><\/p>\n<div><\/div>\n<div>McLaren imparti\u00f3 clases en educaci\u00f3n b\u00e1sica y educaci\u00f3n media de 1974 a 1979 y la mayor parte de ese tiempo la pas\u00f3 ense\u00f1ando en el m\u00e1s grande complejo de educaci\u00f3n p\u00fablica de todo Canad\u00e1, ubicado en el corredor Jane-Finch en Toronto (Jane-Finch corridor). Su libro Cries from the Corridor en el que habla acerca de sus experiencias educativas estuvo en las listas de Best Seller\u00b4s canadienses y fue uno de los diez m\u00e1s vendidos en Canad\u00e1 en 1980; con \u00e9l se dio inicio a un debate a nivel nacional referente al status de las escuelas de los barrios urbanos (posteriormente McLaren criticar\u00eda de manera agresiva a este libro, transform\u00e1ndolo en el altamente aclamado libro sobre pedagog\u00eda \u00abLa Vida en las Escuelas\u00bb).<\/div>\n<div>Peter McLaren, es un educador que se autodeclara de izquierdas. Sus obras poseen un potencial cr\u00edtico hacia el capitalismo en todas sus expresiones. Los aportes te\u00f3ricos de McLaren han trascendido las fronteras norteamericanas llevando su pensamiento a diversas regiones alrededor del mundo; sus textos han sido traducidos a numerosos idiomas y han servido como inspiraci\u00f3n a una gran cantidad de educadores cr\u00edticos. En ese sentido, Peter McLaren es hoy en d\u00eda uno de los educadores cr\u00edticos m\u00e1s consistentes en la lucha contra el neoliberalismo en el \u00e1mbito intelectual de izquierda en el mundo.<\/div>\n<div><a href=\"http:\/\/fundacionmclaren.com\/fundacionmclaren\/wp-content\/uploads\/2016\/10\/b36c06e7-bece-4209-a1a6-1b27d59a0b2eimage7.png\"><img loading=\"lazy\" decoding=\"async\" class=\"alignnone size-medium wp-image-306\" src=\"http:\/\/fundacionmclaren.com\/fundacionmclaren\/wp-content\/uploads\/2016\/10\/b36c06e7-bece-4209-a1a6-1b27d59a0b2eimage7-300x197.png\" alt=\"b36c06e7-bece-4209-a1a6-1b27d59a0b2eimage7\" width=\"300\" height=\"197\" srcset=\"https:\/\/fundacionmclaren.com\/fundacionmclaren\/wp-content\/uploads\/2016\/10\/b36c06e7-bece-4209-a1a6-1b27d59a0b2eimage7-300x197.png 300w, https:\/\/fundacionmclaren.com\/fundacionmclaren\/wp-content\/uploads\/2016\/10\/b36c06e7-bece-4209-a1a6-1b27d59a0b2eimage7-768x504.png 768w, https:\/\/fundacionmclaren.com\/fundacionmclaren\/wp-content\/uploads\/2016\/10\/b36c06e7-bece-4209-a1a6-1b27d59a0b2eimage7-1024x672.png 1024w\" sizes=\"(max-width: 300px) 100vw, 300px\" \/><\/a><\/div>\n<\/div>\n","protected":false},"excerpt":{"rendered":"<p>\u201c&#8230;Vivimos en un tiempo tan brutal, tan despiadado, que tenemos que preguntarnos continuamente si no estamos so\u00f1ando. Incluso cuando reconocemos el dolor y la desesperaci\u00f3n de tantos que viven en un estado de desequilibrios nacionales e internacionales, y aunque nos espantamos ante el grado de explotaci\u00f3n capitalista y la degradaci\u00f3n ambiental de nuestro mundo contempor\u00e1neo, [&hellip;]<\/p>\n","protected":false},"author":1,"featured_media":305,"comment_status":"open","ping_status":"closed","sticky":false,"template":"","format":"standard","meta":{"_jetpack_memberships_contains_paid_content":false,"footnotes":""},"categories":[22],"tags":[],"jetpack_sharing_enabled":true,"jetpack_featured_media_url":"https:\/\/fundacionmclaren.com\/fundacionmclaren\/wp-content\/uploads\/2016\/10\/Autor-profesor-canadiense-reconocido-pedagogia_CLAIMA20100711_0053_4.jpg","_links":{"self":[{"href":"https:\/\/fundacionmclaren.com\/fundacionmclaren\/wp-json\/wp\/v2\/posts\/303"}],"collection":[{"href":"https:\/\/fundacionmclaren.com\/fundacionmclaren\/wp-json\/wp\/v2\/posts"}],"about":[{"href":"https:\/\/fundacionmclaren.com\/fundacionmclaren\/wp-json\/wp\/v2\/types\/post"}],"author":[{"embeddable":true,"href":"https:\/\/fundacionmclaren.com\/fundacionmclaren\/wp-json\/wp\/v2\/users\/1"}],"replies":[{"embeddable":true,"href":"https:\/\/fundacionmclaren.com\/fundacionmclaren\/wp-json\/wp\/v2\/comments?post=303"}],"version-history":[{"count":2,"href":"https:\/\/fundacionmclaren.com\/fundacionmclaren\/wp-json\/wp\/v2\/posts\/303\/revisions"}],"predecessor-version":[{"id":314,"href":"https:\/\/fundacionmclaren.com\/fundacionmclaren\/wp-json\/wp\/v2\/posts\/303\/revisions\/314"}],"wp:featuredmedia":[{"embeddable":true,"href":"https:\/\/fundacionmclaren.com\/fundacionmclaren\/wp-json\/wp\/v2\/media\/305"}],"wp:attachment":[{"href":"https:\/\/fundacionmclaren.com\/fundacionmclaren\/wp-json\/wp\/v2\/media?parent=303"}],"wp:term":[{"taxonomy":"category","embeddable":true,"href":"https:\/\/fundacionmclaren.com\/fundacionmclaren\/wp-json\/wp\/v2\/categories?post=303"},{"taxonomy":"post_tag","embeddable":true,"href":"https:\/\/fundacionmclaren.com\/fundacionmclaren\/wp-json\/wp\/v2\/tags?post=303"}],"curies":[{"name":"wp","href":"https:\/\/api.w.org\/{rel}","templated":true}]}}