{"id":296,"date":"2016-10-08T01:10:27","date_gmt":"2016-10-08T01:10:27","guid":{"rendered":"http:\/\/fundacionmclaren.com\/fundacionmclaren\/?p=296"},"modified":"2016-10-08T01:10:27","modified_gmt":"2016-10-08T01:10:27","slug":"surge-la-fundacion-mclaren-de-pedagogia-critica","status":"publish","type":"post","link":"https:\/\/fundacionmclaren.com\/fundacionmclaren\/eventos\/surge-la-fundacion-mclaren-de-pedagogia-critica\/","title":{"rendered":"Surge la Fundaci\u00f3n McLaren de Pedagog\u00eda Cr\u00edtica"},"content":{"rendered":"<p><strong>Surge la Fundaci\u00f3n McLaren de Pedagog\u00eda Cr\u00edtica<\/strong><\/p>\n<p><a href=\"http:\/\/fundacionmclaren.com\/fundacionmclaren\/wp-content\/uploads\/2016\/10\/ceremonia.jpg\"><img loading=\"lazy\" decoding=\"async\" class=\"alignnone wp-image-298\" src=\"http:\/\/fundacionmclaren.com\/fundacionmclaren\/wp-content\/uploads\/2016\/10\/ceremonia-300x188.jpg\" alt=\"ceremonia\" width=\"356\" height=\"223\" srcset=\"https:\/\/fundacionmclaren.com\/fundacionmclaren\/wp-content\/uploads\/2016\/10\/ceremonia-300x188.jpg 300w, https:\/\/fundacionmclaren.com\/fundacionmclaren\/wp-content\/uploads\/2016\/10\/ceremonia.jpg 400w\" sizes=\"(max-width: 356px) 100vw, 356px\" \/><\/a><\/p>\n<p style=\"text-align: left;\"><strong><span class=\"style6\"><em>Universidad de Tijuana<\/em>. <\/span><\/strong><\/p>\n<p style=\"text-align: left;\"><strong><span class=\"style6\">El d\u00eda viernes 29 de julio de 2004 cientos de profesores y estudiantes del postgrado en educaci\u00f3n e intelectuales de M\u00e9xico, Cuba, Australia, Estados Unidos, Argentina y Canad\u00e1, tomaron el acuerdo de constituir la<em> Fundaci\u00f3n McLaren de Pedagog\u00eda Cr\u00edtica<\/em>, contando con la honrosa presencia del Dr. Peter McLaren y de su compa\u00f1era y esposa Jenny McLaren as\u00ed como la distinguida presencia de su hijo John. Fue una fiesta intelectual, acad\u00e9mica y combativa en la que el Rector de la Universidad de Tijuana Prof. Jes\u00fas Ruiz Barraza, pronunci\u00f3 un importante discurso para dar por constituida la Fundaci\u00f3n.<\/span><\/strong><\/p>\n<p><a href=\"http:\/\/fundacionmclaren.com\/fundacionmclaren\/wp-content\/uploads\/2016\/10\/evento4.jpg\"><img loading=\"lazy\" decoding=\"async\" class=\"alignnone size-medium wp-image-297\" src=\"http:\/\/fundacionmclaren.com\/fundacionmclaren\/wp-content\/uploads\/2016\/10\/evento4-300x225.jpg\" alt=\"evento4\" width=\"300\" height=\"225\" srcset=\"https:\/\/fundacionmclaren.com\/fundacionmclaren\/wp-content\/uploads\/2016\/10\/evento4-300x225.jpg 300w, https:\/\/fundacionmclaren.com\/fundacionmclaren\/wp-content\/uploads\/2016\/10\/evento4.jpg 400w, https:\/\/fundacionmclaren.com\/fundacionmclaren\/wp-content\/uploads\/2016\/10\/evento4-285x214.jpg 285w\" sizes=\"(max-width: 300px) 100vw, 300px\" \/><\/a><\/p>\n","protected":false},"excerpt":{"rendered":"<p>Surge la Fundaci\u00f3n McLaren de Pedagog\u00eda Cr\u00edtica Universidad de Tijuana. El d\u00eda viernes 29 de julio de 2004 cientos de profesores y estudiantes del postgrado en educaci\u00f3n e intelectuales de M\u00e9xico, Cuba, Australia, Estados Unidos, Argentina y Canad\u00e1, tomaron el acuerdo de constituir la Fundaci\u00f3n McLaren de Pedagog\u00eda Cr\u00edtica, contando con la honrosa presencia del [&hellip;]<\/p>\n","protected":false},"author":1,"featured_media":298,"comment_status":"open","ping_status":"closed","sticky":false,"template":"","format":"standard","meta":{"_jetpack_memberships_contains_paid_content":false,"footnotes":""},"categories":[6],"tags":[],"jetpack_sharing_enabled":true,"jetpack_featured_media_url":"https:\/\/fundacionmclaren.com\/fundacionmclaren\/wp-content\/uploads\/2016\/10\/ceremonia.jpg","_links":{"self":[{"href":"https:\/\/fundacionmclaren.com\/fundacionmclaren\/wp-json\/wp\/v2\/posts\/296"}],"collection":[{"href":"https:\/\/fundacionmclaren.com\/fundacionmclaren\/wp-json\/wp\/v2\/posts"}],"about":[{"href":"https:\/\/fundacionmclaren.com\/fundacionmclaren\/wp-json\/wp\/v2\/types\/post"}],"author":[{"embeddable":true,"href":"https:\/\/fundacionmclaren.com\/fundacionmclaren\/wp-json\/wp\/v2\/users\/1"}],"replies":[{"embeddable":true,"href":"https:\/\/fundacionmclaren.com\/fundacionmclaren\/wp-json\/wp\/v2\/comments?post=296"}],"version-history":[{"count":2,"href":"https:\/\/fundacionmclaren.com\/fundacionmclaren\/wp-json\/wp\/v2\/posts\/296\/revisions"}],"predecessor-version":[{"id":302,"href":"https:\/\/fundacionmclaren.com\/fundacionmclaren\/wp-json\/wp\/v2\/posts\/296\/revisions\/302"}],"wp:featuredmedia":[{"embeddable":true,"href":"https:\/\/fundacionmclaren.com\/fundacionmclaren\/wp-json\/wp\/v2\/media\/298"}],"wp:attachment":[{"href":"https:\/\/fundacionmclaren.com\/fundacionmclaren\/wp-json\/wp\/v2\/media?parent=296"}],"wp:term":[{"taxonomy":"category","embeddable":true,"href":"https:\/\/fundacionmclaren.com\/fundacionmclaren\/wp-json\/wp\/v2\/categories?post=296"},{"taxonomy":"post_tag","embeddable":true,"href":"https:\/\/fundacionmclaren.com\/fundacionmclaren\/wp-json\/wp\/v2\/tags?post=296"}],"curies":[{"name":"wp","href":"https:\/\/api.w.org\/{rel}","templated":true}]}}