{"id":132,"date":"2016-09-09T19:27:50","date_gmt":"2016-09-09T19:27:50","guid":{"rendered":"http:\/\/fundacionmclaren.com\/fundacionmclaren\/?p=132"},"modified":"2016-09-09T19:30:49","modified_gmt":"2016-09-09T19:30:49","slug":"obtencion-de-grado","status":"publish","type":"post","link":"https:\/\/fundacionmclaren.com\/fundacionmclaren\/uncategorized\/obtencion-de-grado\/","title":{"rendered":"Obtenci\u00f3n de GRADO. Cecilia Bouttier, Noelia Camacho y Magda Valdes"},"content":{"rendered":"<p>Inicio del Acto Acad\u00e9mico de Obtenci\u00f3n de Grado de las \u00a0Maestras de La Paz, B. C. S.,<\/p>\n<p><strong>Cecilia Bouttier, Noelia Camacho y Magda Valdes. Ensenada<\/strong>, B. C. Sept. 3 2016<\/p>\n<p>&nbsp;<\/p>\n<p><a href=\"http:\/\/fundacionmclaren.com\/fundacionmclaren\/wp-content\/uploads\/2016\/09\/examen6-1.jpg\"><img loading=\"lazy\" decoding=\"async\" class=\"alignnone size-medium wp-image-124\" src=\"http:\/\/fundacionmclaren.com\/fundacionmclaren\/wp-content\/uploads\/2016\/09\/examen6-1-300x180.jpg\" alt=\"examen6\" width=\"300\" height=\"180\" srcset=\"https:\/\/fundacionmclaren.com\/fundacionmclaren\/wp-content\/uploads\/2016\/09\/examen6-1-300x180.jpg 300w, https:\/\/fundacionmclaren.com\/fundacionmclaren\/wp-content\/uploads\/2016\/09\/examen6-1-768x461.jpg 768w, https:\/\/fundacionmclaren.com\/fundacionmclaren\/wp-content\/uploads\/2016\/09\/examen6-1.jpg 960w\" sizes=\"(max-width: 300px) 100vw, 300px\" \/><\/a><a href=\"http:\/\/fundacionmclaren.com\/fundacionmclaren\/wp-content\/uploads\/2016\/09\/examen5-1.jpg\"><img loading=\"lazy\" decoding=\"async\" class=\"alignnone size-medium wp-image-123\" src=\"http:\/\/fundacionmclaren.com\/fundacionmclaren\/wp-content\/uploads\/2016\/09\/examen5-1-300x180.jpg\" alt=\"examen5\" width=\"300\" height=\"180\" srcset=\"https:\/\/fundacionmclaren.com\/fundacionmclaren\/wp-content\/uploads\/2016\/09\/examen5-1-300x180.jpg 300w, https:\/\/fundacionmclaren.com\/fundacionmclaren\/wp-content\/uploads\/2016\/09\/examen5-1-768x461.jpg 768w, https:\/\/fundacionmclaren.com\/fundacionmclaren\/wp-content\/uploads\/2016\/09\/examen5-1.jpg 960w\" sizes=\"(max-width: 300px) 100vw, 300px\" \/><\/a><a href=\"http:\/\/fundacionmclaren.com\/fundacionmclaren\/wp-content\/uploads\/2016\/09\/examen4-1.jpg\"><img loading=\"lazy\" decoding=\"async\" class=\"alignnone size-medium wp-image-122\" src=\"http:\/\/fundacionmclaren.com\/fundacionmclaren\/wp-content\/uploads\/2016\/09\/examen4-1-300x180.jpg\" alt=\"examen4\" width=\"300\" height=\"180\" srcset=\"https:\/\/fundacionmclaren.com\/fundacionmclaren\/wp-content\/uploads\/2016\/09\/examen4-1-300x180.jpg 300w, https:\/\/fundacionmclaren.com\/fundacionmclaren\/wp-content\/uploads\/2016\/09\/examen4-1-768x461.jpg 768w, https:\/\/fundacionmclaren.com\/fundacionmclaren\/wp-content\/uploads\/2016\/09\/examen4-1.jpg 960w\" sizes=\"(max-width: 300px) 100vw, 300px\" \/><\/a><a href=\"http:\/\/fundacionmclaren.com\/fundacionmclaren\/wp-content\/uploads\/2016\/09\/examen3-1.jpg\"><img loading=\"lazy\" decoding=\"async\" class=\"alignnone size-medium wp-image-121\" src=\"http:\/\/fundacionmclaren.com\/fundacionmclaren\/wp-content\/uploads\/2016\/09\/examen3-1-300x180.jpg\" alt=\"examen3\" width=\"300\" height=\"180\" srcset=\"https:\/\/fundacionmclaren.com\/fundacionmclaren\/wp-content\/uploads\/2016\/09\/examen3-1-300x180.jpg 300w, https:\/\/fundacionmclaren.com\/fundacionmclaren\/wp-content\/uploads\/2016\/09\/examen3-1-768x461.jpg 768w, https:\/\/fundacionmclaren.com\/fundacionmclaren\/wp-content\/uploads\/2016\/09\/examen3-1.jpg 960w\" sizes=\"(max-width: 300px) 100vw, 300px\" \/><\/a><a href=\"http:\/\/fundacionmclaren.com\/fundacionmclaren\/wp-content\/uploads\/2016\/09\/examen2-1.jpg\"><img loading=\"lazy\" decoding=\"async\" class=\"alignnone size-medium wp-image-120\" src=\"http:\/\/fundacionmclaren.com\/fundacionmclaren\/wp-content\/uploads\/2016\/09\/examen2-1-300x180.jpg\" alt=\"examen2\" width=\"300\" height=\"180\" srcset=\"https:\/\/fundacionmclaren.com\/fundacionmclaren\/wp-content\/uploads\/2016\/09\/examen2-1-300x180.jpg 300w, https:\/\/fundacionmclaren.com\/fundacionmclaren\/wp-content\/uploads\/2016\/09\/examen2-1-768x461.jpg 768w, https:\/\/fundacionmclaren.com\/fundacionmclaren\/wp-content\/uploads\/2016\/09\/examen2-1.jpg 960w\" sizes=\"(max-width: 300px) 100vw, 300px\" \/><\/a><a href=\"http:\/\/fundacionmclaren.com\/fundacionmclaren\/wp-content\/uploads\/2016\/09\/examen1-1.jpg\"><img loading=\"lazy\" decoding=\"async\" class=\"alignnone size-medium wp-image-119\" src=\"http:\/\/fundacionmclaren.com\/fundacionmclaren\/wp-content\/uploads\/2016\/09\/examen1-1-300x180.jpg\" alt=\"examen1\" width=\"300\" height=\"180\" srcset=\"https:\/\/fundacionmclaren.com\/fundacionmclaren\/wp-content\/uploads\/2016\/09\/examen1-1-300x180.jpg 300w, https:\/\/fundacionmclaren.com\/fundacionmclaren\/wp-content\/uploads\/2016\/09\/examen1-1-768x461.jpg 768w, https:\/\/fundacionmclaren.com\/fundacionmclaren\/wp-content\/uploads\/2016\/09\/examen1-1.jpg 960w\" sizes=\"(max-width: 300px) 100vw, 300px\" \/><\/a><a href=\"http:\/\/fundacionmclaren.com\/fundacionmclaren\/wp-content\/uploads\/2016\/09\/examen-1.jpg\"><img loading=\"lazy\" decoding=\"async\" class=\"alignnone size-medium wp-image-118\" src=\"http:\/\/fundacionmclaren.com\/fundacionmclaren\/wp-content\/uploads\/2016\/09\/examen-1-300x180.jpg\" alt=\"examen\" width=\"300\" height=\"180\" srcset=\"https:\/\/fundacionmclaren.com\/fundacionmclaren\/wp-content\/uploads\/2016\/09\/examen-1-300x180.jpg 300w, https:\/\/fundacionmclaren.com\/fundacionmclaren\/wp-content\/uploads\/2016\/09\/examen-1-768x461.jpg 768w, https:\/\/fundacionmclaren.com\/fundacionmclaren\/wp-content\/uploads\/2016\/09\/examen-1.jpg 960w\" sizes=\"(max-width: 300px) 100vw, 300px\" \/><\/a><a href=\"http:\/\/fundacionmclaren.com\/fundacionmclaren\/wp-content\/uploads\/2016\/09\/examen6.jpg\"><img loading=\"lazy\" decoding=\"async\" class=\"alignnone size-medium wp-image-113\" src=\"http:\/\/fundacionmclaren.com\/fundacionmclaren\/wp-content\/uploads\/2016\/09\/examen6-300x180.jpg\" alt=\"examen6\" width=\"300\" height=\"180\" srcset=\"https:\/\/fundacionmclaren.com\/fundacionmclaren\/wp-content\/uploads\/2016\/09\/examen6-300x180.jpg 300w, https:\/\/fundacionmclaren.com\/fundacionmclaren\/wp-content\/uploads\/2016\/09\/examen6-768x461.jpg 768w, https:\/\/fundacionmclaren.com\/fundacionmclaren\/wp-content\/uploads\/2016\/09\/examen6.jpg 960w\" sizes=\"(max-width: 300px) 100vw, 300px\" \/><\/a><a href=\"http:\/\/fundacionmclaren.com\/fundacionmclaren\/wp-content\/uploads\/2016\/09\/examen2.jpg\"><img loading=\"lazy\" decoding=\"async\" class=\"alignnone size-medium wp-image-109\" src=\"http:\/\/fundacionmclaren.com\/fundacionmclaren\/wp-content\/uploads\/2016\/09\/examen2-300x180.jpg\" alt=\"examen2\" width=\"300\" height=\"180\" srcset=\"https:\/\/fundacionmclaren.com\/fundacionmclaren\/wp-content\/uploads\/2016\/09\/examen2-300x180.jpg 300w, https:\/\/fundacionmclaren.com\/fundacionmclaren\/wp-content\/uploads\/2016\/09\/examen2-768x461.jpg 768w, https:\/\/fundacionmclaren.com\/fundacionmclaren\/wp-content\/uploads\/2016\/09\/examen2.jpg 960w\" sizes=\"(max-width: 300px) 100vw, 300px\" \/><\/a><\/p>\n","protected":false},"excerpt":{"rendered":"<p>Inicio del Acto Acad\u00e9mico de Obtenci\u00f3n de Grado de las \u00a0Maestras de La Paz, B. C. S., Cecilia Bouttier, Noelia Camacho y Magda Valdes. Ensenada, B. C. Sept. 3 2016 &nbsp;<\/p>\n","protected":false},"author":1,"featured_media":119,"comment_status":"open","ping_status":"closed","sticky":false,"template":"","format":"standard","meta":{"_jetpack_memberships_contains_paid_content":false,"footnotes":""},"categories":[1],"tags":[],"jetpack_sharing_enabled":true,"jetpack_featured_media_url":"https:\/\/fundacionmclaren.com\/fundacionmclaren\/wp-content\/uploads\/2016\/09\/examen1-1.jpg","_links":{"self":[{"href":"https:\/\/fundacionmclaren.com\/fundacionmclaren\/wp-json\/wp\/v2\/posts\/132"}],"collection":[{"href":"https:\/\/fundacionmclaren.com\/fundacionmclaren\/wp-json\/wp\/v2\/posts"}],"about":[{"href":"https:\/\/fundacionmclaren.com\/fundacionmclaren\/wp-json\/wp\/v2\/types\/post"}],"author":[{"embeddable":true,"href":"https:\/\/fundacionmclaren.com\/fundacionmclaren\/wp-json\/wp\/v2\/users\/1"}],"replies":[{"embeddable":true,"href":"https:\/\/fundacionmclaren.com\/fundacionmclaren\/wp-json\/wp\/v2\/comments?post=132"}],"version-history":[{"count":2,"href":"https:\/\/fundacionmclaren.com\/fundacionmclaren\/wp-json\/wp\/v2\/posts\/132\/revisions"}],"predecessor-version":[{"id":134,"href":"https:\/\/fundacionmclaren.com\/fundacionmclaren\/wp-json\/wp\/v2\/posts\/132\/revisions\/134"}],"wp:featuredmedia":[{"embeddable":true,"href":"https:\/\/fundacionmclaren.com\/fundacionmclaren\/wp-json\/wp\/v2\/media\/119"}],"wp:attachment":[{"href":"https:\/\/fundacionmclaren.com\/fundacionmclaren\/wp-json\/wp\/v2\/media?parent=132"}],"wp:term":[{"taxonomy":"category","embeddable":true,"href":"https:\/\/fundacionmclaren.com\/fundacionmclaren\/wp-json\/wp\/v2\/categories?post=132"},{"taxonomy":"post_tag","embeddable":true,"href":"https:\/\/fundacionmclaren.com\/fundacionmclaren\/wp-json\/wp\/v2\/tags?post=132"}],"curies":[{"name":"wp","href":"https:\/\/api.w.org\/{rel}","templated":true}]}}